{"id":1216,"date":"2025-05-11T10:28:25","date_gmt":"2025-05-11T10:28:25","guid":{"rendered":"https:\/\/blocquaux.fr\/?p=1216"},"modified":"2025-05-11T10:28:25","modified_gmt":"2025-05-11T10:28:25","slug":"23-avril-2025-audition-a-lassemblee-nationale-effets-psychologiques-de-tiktok-sur-les-mineurs","status":"publish","type":"post","link":"http:\/\/blocquaux.fr\/?p=1216","title":{"rendered":"23 avril 2025 &#8211; AUDITION A L&rsquo;ASSEMBLEE NATIONALE &#8211; \u00ab\u00a0Effets psychologiques de TikTok sur les mineurs\u00a0\u00bb"},"content":{"rendered":"<p><span class=\"break-words\n          tvm-parent-container\"><span dir=\"ltr\">J&rsquo;ai eu le plaisir et l&rsquo;honneur d&rsquo;\u00eatre auditionn\u00e9, le mercredi 23 avril 2025, par <strong>les membres de la Commission d&rsquo;enqu\u00eate parlementaire sur les effets psychologiques de TikTok sur les mineurs<\/strong>. Je remercie vivement tous les acteurs politiques \u00e0 l&rsquo;initiative de cette \u00e9tude, n\u00e9cessaire pour permettre aux chercheurs et autres personnels \u00e9ducatifs ou de sant\u00e9 engag\u00e9s dans la protection de la jeunesse face aux risques num\u00e9riques de s&rsquo;exprimer librement.<\/span><\/span><\/p>\n<p><strong>Dans ce cadre, j&rsquo;ai propos\u00e9 aux membres de la commission de l\u00e9gif\u00e9rer l&rsquo;acquisition et la possession des smartphones par les mineurs de MOINS DE 15 ANS. Je vous laisse prendre connaissance de mon argumentaire.<\/strong><\/p>\n<p>Voici les liens directs vers les extraits vid\u00e9os de l&rsquo;audition :<\/p>\n<p>Introduction par le Pr\u00e9sident de s\u00e9ance : <a href=\"https:\/\/youtu.be\/bmklz2TF6ck\">https:\/\/youtu.be\/bmklz2TF6ck<\/a><\/p>\n<p>Extrait 1 : <a href=\"https:\/\/youtu.be\/XE1cn1ISqW4\">https:\/\/youtu.be\/XE1cn1ISqW4<\/a><\/p>\n<p>Extrait 2 : <a href=\"https:\/\/youtu.be\/skGx_8RsHCY\">https:\/\/youtu.be\/skGx_8RsHCY<\/a><\/p>\n<p>Extrait 3 : <a href=\"https:\/\/youtu.be\/rRNeYMk6oCo\">https:\/\/youtu.be\/rRNeYMk6oCo<\/a><\/p>\n<p><a href=\"https:\/\/videos.assemblee-nationale.fr\/video.16677781_6808d3fe7781c.effets-psychologiques-de-tiktok-sur-les-mineurs--auditions-diverses-de-journalistes-chercheurs-et--23-avril-2025\" target=\"_blank\" rel=\"noopener\">lien vers les auditions compl\u00e8tes<\/a><\/p>\n","protected":false},"excerpt":{"rendered":"<p>J&rsquo;ai eu le plaisir et l&rsquo;honneur d&rsquo;\u00eatre auditionn\u00e9, le mercredi 23 avril 2025, par les membres de la Commission d&rsquo;enqu\u00eate<\/p>\n","protected":false},"author":1,"featured_media":0,"comment_status":"closed","ping_status":"closed","sticky":false,"template":"","format":"standard","meta":{"jetpack_post_was_ever_published":false,"_jetpack_newsletter_access":"","jetpack_publicize_message":"","jetpack_is_tweetstorm":false,"jetpack_publicize_feature_enabled":true,"jetpack_social_post_already_shared":true,"jetpack_social_options":{"image_generator_settings":{"template":"highway","enabled":false}}},"categories":[5],"tags":[],"jetpack_publicize_connections":[],"jetpack_featured_media_url":"","jetpack_shortlink":"https:\/\/wp.me\/p2RyIO-jC","jetpack_sharing_enabled":true,"_links":{"self":[{"href":"http:\/\/blocquaux.fr\/index.php?rest_route=\/wp\/v2\/posts\/1216"}],"collection":[{"href":"http:\/\/blocquaux.fr\/index.php?rest_route=\/wp\/v2\/posts"}],"about":[{"href":"http:\/\/blocquaux.fr\/index.php?rest_route=\/wp\/v2\/types\/post"}],"author":[{"embeddable":true,"href":"http:\/\/blocquaux.fr\/index.php?rest_route=\/wp\/v2\/users\/1"}],"replies":[{"embeddable":true,"href":"http:\/\/blocquaux.fr\/index.php?rest_route=%2Fwp%2Fv2%2Fcomments&post=1216"}],"version-history":[{"count":1,"href":"http:\/\/blocquaux.fr\/index.php?rest_route=\/wp\/v2\/posts\/1216\/revisions"}],"predecessor-version":[{"id":1217,"href":"http:\/\/blocquaux.fr\/index.php?rest_route=\/wp\/v2\/posts\/1216\/revisions\/1217"}],"wp:attachment":[{"href":"http:\/\/blocquaux.fr\/index.php?rest_route=%2Fwp%2Fv2%2Fmedia&parent=1216"}],"wp:term":[{"taxonomy":"category","embeddable":true,"href":"http:\/\/blocquaux.fr\/index.php?rest_route=%2Fwp%2Fv2%2Fcategories&post=1216"},{"taxonomy":"post_tag","embeddable":true,"href":"http:\/\/blocquaux.fr\/index.php?rest_route=%2Fwp%2Fv2%2Ftags&post=1216"}],"curies":[{"name":"wp","href":"https:\/\/api.w.org\/{rel}","templated":true}]}}