{"id":1228,"date":"2025-09-22T09:57:27","date_gmt":"2025-09-22T09:57:27","guid":{"rendered":"https:\/\/blocquaux.fr\/?p=1228"},"modified":"2025-09-22T09:57:27","modified_gmt":"2025-09-22T09:57:27","slug":"11-septembre-2025-sortie-du-rapport-de-la-commission-denquete-sur-les-effets-psychologiques-de-tiktok-sur-les-mineurs","status":"publish","type":"post","link":"http:\/\/blocquaux.fr\/?p=1228","title":{"rendered":"11 septembre 2025 &#8211; Sortie du rapport de la commission d&rsquo;enqu\u00eate sur \u00ab\u00a0les effets psychologiques de TikTok sur les mineurs\u00a0\u00bb"},"content":{"rendered":"<p>J&rsquo;ai eu l&rsquo;honneur d&rsquo;\u00eatre auditionn\u00e9, le 23 avril 2025 \u00e0 l&rsquo;assembl\u00e9e nationale,\u00a0dans le cadre de la commission d&rsquo;enqu\u00eate sur \u00ab\u00a0les effets psychologiques de TikTok sur les mineurs\u00a0\u00bb.<\/p>\n<p><em><strong>\u00ab\u00a0Quand le divertissement vire au cauchemar.\u00a0\u00bb<\/strong> Le constat &#8211; pos\u00e9 par la rapporteure de la <a class=\"external\" href=\"https:\/\/www.assemblee-nationale.fr\/dyn\/17\/organes\/autres-commissions\/commissions-enquete\/tiktok\" target=\"_blank\" rel=\"noopener\">commission d&rsquo;enqu\u00eate sur les effets psychologiques de <strong>TikTok<\/strong> sur les mineurs<\/a>, <strong>Laure Miller <\/strong>(Ensemble pour la R\u00e9publique) -, appara\u00eet d\u00e8s le titre du rapport rendu public ce jeudi 11 septembre, apr\u00e8s avoir \u00e9t\u00e9 <strong>adopt\u00e9 \u00e0 l&rsquo;unanimit\u00e9 des d\u00e9put\u00e9s de la commission<\/strong> la semaine derni\u00e8re. Sur 273 pages, l&rsquo;\u00e9lue de la Marne d\u00e9nonce <strong>\u00ab\u00a0le pire des r\u00e9seaux sociaux \u00e0 l&rsquo;assaut de notre jeunesse\u00a0\u00bb <\/strong>et <strong>\u00ab\u00a0des contenus majoritairement n\u00e9fastes\u00a0\u00bb <\/strong>&#8211;\u00a0suicide, automutilation, d\u00e9sinformation m\u00e9dicale, violences\u2026 -,\u00a0<strong>qui \u00ab\u00a0pour la plupart mettent en danger les utilisateurs\u00a0\u00bb<\/strong>.<\/em><\/p>\n<p><em>Laure Miller pr\u00e9conise, en revanche, d&rsquo;<strong>interdire l&rsquo;acc\u00e8s aux r\u00e9seaux sociaux aux mineurs de moins de 15 ans<\/strong> &#8211; except\u00e9es les simples messageries -, en portant le chantier de cette interdiction \u00e0 l&rsquo;\u00e9chelle de l&rsquo;Union europ\u00e9enne et, si n\u00e9cessaire, en agissant au niveau national. Une id\u00e9e\u00a0<a title=\"Commission d'enqu\u00eate &quot;TikTok&quot; : &quot;Avant 15 ans, les r\u00e9seaux sociaux, c'est non&quot;, mart\u00e8le la ministre du Num\u00e9rique Clara Chappaz\" href=\"https:\/\/lcp.fr\/actualites\/commission-d-enquete-tiktok-avant-15-ans-les-reseaux-sociaux-c-est-non-martele-la\" target=\"_blank\" rel=\"noopener\" data-entity-substitution=\"canonical\" data-entity-type=\"node\" data-entity-uuid=\"1bef05d1-6fb1-440d-b38b-3e9a9b5d6eca\">soutenue par la ministre d\u00e9l\u00e9gu\u00e9e\u00a0charg\u00e9e du Num\u00e9rique<\/a>,\u00a0<strong>Clara Chappaz<\/strong>, lors de son audition en juin dernier.<\/em><\/p>\n<p><a href=\"https:\/\/lcp.fr\/auteur\/678\">Source : Rapha\u00ebl Marchal<\/a><span class=\"co-auteur\"><a href=\"https:\/\/lcp.fr\/auteur\/4621\" hreflang=\"fr\">Anne-Charlotte Dusseaulx<\/a><\/span>, LCP<\/p>\n<p>Comme dans mes ouvrages et mes conf\u00e9rences, je pr\u00e9conise dans ce rapport d&rsquo;aller beaucoup loin dans la d\u00e9marche, en l\u00e9gif\u00e9rant sur le contenant, bien plus que sur le contenu. Vous trouverez ci-apr\u00e8s un extrait de ma principale pr\u00e9conisation,<strong> \u00e0 savoir la r\u00e9gulation du smartphone pour les mineurs de moins de 15 ans<\/strong> :<\/p>\n<p><a href=\"http:\/\/blocquaux.fr\/wp-content\/uploads\/2025\/09\/rapport1.png\"><img decoding=\"async\" loading=\"lazy\" class=\"aligncenter size-large wp-image-1229\" src=\"http:\/\/blocquaux.fr\/wp-content\/uploads\/2025\/09\/rapport1-782x1024.png\" alt=\"\" width=\"782\" height=\"1024\" srcset=\"http:\/\/blocquaux.fr\/wp-content\/uploads\/2025\/09\/rapport1-782x1024.png 782w, http:\/\/blocquaux.fr\/wp-content\/uploads\/2025\/09\/rapport1-229x300.png 229w, http:\/\/blocquaux.fr\/wp-content\/uploads\/2025\/09\/rapport1-768x1006.png 768w, http:\/\/blocquaux.fr\/wp-content\/uploads\/2025\/09\/rapport1.png 1168w\" sizes=\"(max-width: 782px) 100vw, 782px\" \/><\/a> <a href=\"http:\/\/blocquaux.fr\/wp-content\/uploads\/2025\/09\/rapport2.png\"><img decoding=\"async\" loading=\"lazy\" class=\"aligncenter size-large wp-image-1230\" src=\"http:\/\/blocquaux.fr\/wp-content\/uploads\/2025\/09\/rapport2-1024x1001.png\" alt=\"\" width=\"840\" height=\"821\" srcset=\"http:\/\/blocquaux.fr\/wp-content\/uploads\/2025\/09\/rapport2-1024x1001.png 1024w, http:\/\/blocquaux.fr\/wp-content\/uploads\/2025\/09\/rapport2-300x293.png 300w, http:\/\/blocquaux.fr\/wp-content\/uploads\/2025\/09\/rapport2-768x751.png 768w, http:\/\/blocquaux.fr\/wp-content\/uploads\/2025\/09\/rapport2.png 1526w\" sizes=\"(max-width: 840px) 100vw, 840px\" \/><\/a><\/p>\n","protected":false},"excerpt":{"rendered":"<p>J&rsquo;ai eu l&rsquo;honneur d&rsquo;\u00eatre auditionn\u00e9, le 23 avril 2025 \u00e0 l&rsquo;assembl\u00e9e nationale,\u00a0dans le cadre de la commission d&rsquo;enqu\u00eate sur \u00ab\u00a0les<\/p>\n","protected":false},"author":1,"featured_media":0,"comment_status":"closed","ping_status":"closed","sticky":false,"template":"","format":"standard","meta":{"jetpack_post_was_ever_published":false,"_jetpack_newsletter_access":"","jetpack_publicize_message":"","jetpack_is_tweetstorm":false,"jetpack_publicize_feature_enabled":true,"jetpack_social_post_already_shared":true,"jetpack_social_options":{"image_generator_settings":{"template":"highway","enabled":false}}},"categories":[5],"tags":[],"jetpack_publicize_connections":[],"jetpack_featured_media_url":"","jetpack_shortlink":"https:\/\/wp.me\/p2RyIO-jO","jetpack_sharing_enabled":true,"_links":{"self":[{"href":"http:\/\/blocquaux.fr\/index.php?rest_route=\/wp\/v2\/posts\/1228"}],"collection":[{"href":"http:\/\/blocquaux.fr\/index.php?rest_route=\/wp\/v2\/posts"}],"about":[{"href":"http:\/\/blocquaux.fr\/index.php?rest_route=\/wp\/v2\/types\/post"}],"author":[{"embeddable":true,"href":"http:\/\/blocquaux.fr\/index.php?rest_route=\/wp\/v2\/users\/1"}],"replies":[{"embeddable":true,"href":"http:\/\/blocquaux.fr\/index.php?rest_route=%2Fwp%2Fv2%2Fcomments&post=1228"}],"version-history":[{"count":1,"href":"http:\/\/blocquaux.fr\/index.php?rest_route=\/wp\/v2\/posts\/1228\/revisions"}],"predecessor-version":[{"id":1231,"href":"http:\/\/blocquaux.fr\/index.php?rest_route=\/wp\/v2\/posts\/1228\/revisions\/1231"}],"wp:attachment":[{"href":"http:\/\/blocquaux.fr\/index.php?rest_route=%2Fwp%2Fv2%2Fmedia&parent=1228"}],"wp:term":[{"taxonomy":"category","embeddable":true,"href":"http:\/\/blocquaux.fr\/index.php?rest_route=%2Fwp%2Fv2%2Fcategories&post=1228"},{"taxonomy":"post_tag","embeddable":true,"href":"http:\/\/blocquaux.fr\/index.php?rest_route=%2Fwp%2Fv2%2Ftags&post=1228"}],"curies":[{"name":"wp","href":"https:\/\/api.w.org\/{rel}","templated":true}]}}