{"id":284,"date":"2015-06-14T22:35:10","date_gmt":"2015-06-14T22:35:10","guid":{"rendered":"http:\/\/blocquaux.fr\/?p=284"},"modified":"2015-06-14T22:35:10","modified_gmt":"2015-06-14T22:35:10","slug":"publication-de-louvrage-collectif-la-communication-electronique-enjeux-strategies-opportunites","status":"publish","type":"post","link":"http:\/\/blocquaux.fr\/?p=284","title":{"rendered":"Publication de l&rsquo;ouvrage collectif : \u00ab\u00a0La Communication \u00e9lectronique : enjeux, strat\u00e9gies, opportunit\u00e9s.\u00a0\u00bb"},"content":{"rendered":"<h4>La Communication \u00e9lectronique\u00a0: enjeux, strat\u00e9gies, opportunit\u00e9s<\/h4>\n<p><span class=\"auteur\"> <a href=\"http:\/\/www.lambert-lucas.com\/ouvrage-collectif-1851\">Ouvrage collectif<\/a><\/span><\/p>\n<p>Quelle que soit sa situation personnelle ou institutionnelle \u2013 notamment en politique, dans l\u2019entreprise, en formation \u2013, chacun ou chacune d\u2019entre nous converse aujourd\u2019hui avec une grande vari\u00e9t\u00e9 d\u2019interlocuteurs ou d\u2019interlocutrices par le biais des TIC. Les outils de communication \u00e9lectronique conf\u00e8rent un pouvoir de parole consid\u00e9rable, une puissante libert\u00e9 d\u2019expression et de choix. Chaque usager participe ainsi activement, en tout temps et en tout lieu, \u00e0 la construction de nouveaux espaces interm\u00e9diaires qui rendent perm\u00e9able la fronti\u00e8re entre les sph\u00e8res publique et priv\u00e9e.<br class=\"autobr\" \/>Afin de mieux rendre compte de cette richesse et de cette complexit\u00e9, l\u2019ouvrage adopte une perspective pluridisciplinaire, recourant selon les cas aux sciences de l\u2019information et de la communication, mais aussi aux sciences politiques, aux sciences du langage, \u00e0 la psycholinguistique, aux sciences de gestion, \u00e0 la sociologie et aux sciences de l\u2019\u00e9ducation.<br class=\"autobr\" \/>Pr\u00e9sent\u00e9 par Fabien Li\u00e9nard et Sami Zlitni, il se divise en quatre grandes parties\u00a0:<br class=\"autobr\" \/>(1)\u00a0Rapport au corps et identit\u00e9s num\u00e9riques,<br class=\"autobr\" \/>(2)\u00a0\u00c9ducation aux TIC et \u00e9ducation par les TIC,<br class=\"autobr\" \/>(3)\u00a0Participation politique et communication \u00e9lectronique,<br class=\"autobr\" \/>(4)\u00a0Marketing et strat\u00e9gies num\u00e9riques.<\/p>\n<div class=\"lelivre\">\n<div class=\"clearfix\"><\/div>\n<p><strong>Responsable(s) scientifique(s) : <\/strong> <a href=\"http:\/\/www.lambert-lucas.com\/lienard-fabien\">Li\u00e9nard Fabien<\/a>, <a href=\"http:\/\/www.lambert-lucas.com\/zlitni-sami-2481\">Zlitni Sami<\/a><br \/>\n<strong>Institution(s) : <\/strong>Ouvrage publi\u00e9 gr\u00e2ce au concours de l&rsquo;IUT du Havre et de la soci\u00e9t\u00e9 Oril Industries<br \/>\n<strong> Introduction : <\/strong>de Sami Zlitni et Fabien Lin\u00e9nard<br \/>\n<strong>Contributeurs : <\/strong> <a href=\"http:\/\/www.lambert-lucas.com\/arrive-sandra\">Arriv\u00e9 Sandra<\/a>, <a href=\"http:\/\/www.lambert-lucas.com\/ben-affana-synda-2483\">Ben Affana Synda<\/a>, <span style=\"color: #ff0000;\"><a style=\"color: #ff0000;\" href=\"http:\/\/www.lambert-lucas.com\/bore-catherine-2467\">Blocquaux St\u00e9phane<\/a>,<\/span> <a href=\"http:\/\/www.lambert-lucas.com\/bouchard-mathieu\">Bouchard Mathieu<\/a>, <a href=\"http:\/\/www.lambert-lucas.com\/brachotte-gilles\">Brachotte Gilles<\/a>, <a href=\"http:\/\/www.lambert-lucas.com\/combes-celine\">Combes C\u00e9line<\/a>, <a href=\"http:\/\/www.lambert-lucas.com\/crumiere-christelle\">Crumi\u00e8re Christelle<\/a>, <a href=\"http:\/\/www.lambert-lucas.com\/de-cock-barbara\">De Cock Barbara<\/a>, <a href=\"http:\/\/www.lambert-lucas.com\/dufour-baidouri-armelle\">Dufour Ba\u00efdouri Armelle<\/a>, <a href=\"http:\/\/www.lambert-lucas.com\/dula-daiana\">Dula Daiana<\/a>, <a href=\"http:\/\/www.lambert-lucas.com\/el-golli-meriem\">El Golli Meriem<\/a>, <a href=\"http:\/\/www.lambert-lucas.com\/frame-alex\">Frame Alex<\/a>, <a href=\"http:\/\/www.lambert-lucas.com\/ghourabi-samira\">Ghourabi Samira<\/a>, <a href=\"http:\/\/www.lambert-lucas.com\/hare-isabelle\">Hare Isabelle<\/a>, <a href=\"http:\/\/www.lambert-lucas.com\/hetier-renaud\">H\u00e9tier Renaud<\/a>, <a href=\"http:\/\/www.lambert-lucas.com\/hulin-thibaud\">Hulin Thibaud<\/a>, <a href=\"http:\/\/www.lambert-lucas.com\/jacob-florence\">Jacob Florence<\/a>, <a href=\"http:\/\/www.lambert-lucas.com\/keszeg-anna\">Keszeg Anna<\/a>, <a href=\"http:\/\/www.lambert-lucas.com\/lancella-fabienne\">Lancella Fabienne<\/a>, <a href=\"http:\/\/www.lambert-lucas.com\/laroussi-foued\">Laroussi Foued<\/a>, <a href=\"http:\/\/www.lambert-lucas.com\/le-bechec-mariannig\">Le B\u00e9chec Mariannig<\/a>, <a href=\"http:\/\/www.lambert-lucas.com\/letellier-anne-sophie\">Letellier Anne-Sophie<\/a>, <a href=\"http:\/\/www.lambert-lucas.com\/lienard-fabien\">Li\u00e9nard Fabien<\/a>, <a href=\"http:\/\/www.lambert-lucas.com\/madelon-veronique\">Madelon V\u00e9ronique<\/a>, <a href=\"http:\/\/www.lambert-lucas.com\/martin-therese\">Martin Th\u00e9r\u00e8se<\/a>, <a href=\"http:\/\/www.lambert-lucas.com\/mercier-arnaud\">Mercier Arnaud<\/a>, <a href=\"http:\/\/www.lambert-lucas.com\/millette-melanie\">Millette M\u00e9lanie<\/a>, <a href=\"http:\/\/www.lambert-lucas.com\/ouerfelli-tarek\">Ouerfelli Tarek<\/a>, <a href=\"http:\/\/www.lambert-lucas.com\/perrinel-michel\">Perrinel Michel<\/a>, <a href=\"http:\/\/www.lambert-lucas.com\/rocheleau-sylvain\">Rocheleau Sylvain<\/a>, <a href=\"http:\/\/www.lambert-lucas.com\/roginsky-sandrine\">Roginsky Sandrine<\/a>, <a href=\"http:\/\/www.lambert-lucas.com\/volckaert-legrier-olga\">Volckaert-Legrier Olga<\/a>, <a href=\"http:\/\/www.lambert-lucas.com\/zlitni-sami-2481\">Zlitni Sami<\/a><\/p>\n<p><strong>Parution : <\/strong>Avril 2015<br \/>\n<strong>Nombre de pages : <\/strong>280<br \/>\n<strong>Format : <\/strong>16 x 24<br \/>\n<strong> ISBN : <\/strong>978-2-35935-136-1<\/div>\n<div class=\"lelivre\"><\/div>\n<div class=\"lelivre\"><a href=\"http:\/\/blocquaux.fr\/wp-content\/uploads\/2015\/06\/arton2480.jpg\"><img decoding=\"async\" loading=\"lazy\" class=\"aligncenter size-medium wp-image-285\" src=\"http:\/\/blocquaux.fr\/wp-content\/uploads\/2015\/06\/arton2480-194x300.jpg\" alt=\"arton2480\" width=\"194\" height=\"300\" srcset=\"http:\/\/blocquaux.fr\/wp-content\/uploads\/2015\/06\/arton2480-194x300.jpg 194w, http:\/\/blocquaux.fr\/wp-content\/uploads\/2015\/06\/arton2480.jpg 646w\" sizes=\"(max-width: 194px) 100vw, 194px\" \/><\/a><\/div>\n","protected":false},"excerpt":{"rendered":"<p>La Communication \u00e9lectronique\u00a0: enjeux, strat\u00e9gies, opportunit\u00e9s Ouvrage collectif Quelle que soit sa situation personnelle ou institutionnelle \u2013 notamment en politique,<\/p>\n","protected":false},"author":1,"featured_media":0,"comment_status":"closed","ping_status":"closed","sticky":false,"template":"","format":"standard","meta":{"jetpack_post_was_ever_published":false,"_jetpack_newsletter_access":"","jetpack_publicize_message":"","jetpack_is_tweetstorm":false,"jetpack_publicize_feature_enabled":true,"jetpack_social_post_already_shared":true,"jetpack_social_options":{"image_generator_settings":{"template":"highway","enabled":false}}},"categories":[5],"tags":[],"jetpack_publicize_connections":[],"jetpack_featured_media_url":"","jetpack_shortlink":"https:\/\/wp.me\/p2RyIO-4A","jetpack_sharing_enabled":true,"_links":{"self":[{"href":"http:\/\/blocquaux.fr\/index.php?rest_route=\/wp\/v2\/posts\/284"}],"collection":[{"href":"http:\/\/blocquaux.fr\/index.php?rest_route=\/wp\/v2\/posts"}],"about":[{"href":"http:\/\/blocquaux.fr\/index.php?rest_route=\/wp\/v2\/types\/post"}],"author":[{"embeddable":true,"href":"http:\/\/blocquaux.fr\/index.php?rest_route=\/wp\/v2\/users\/1"}],"replies":[{"embeddable":true,"href":"http:\/\/blocquaux.fr\/index.php?rest_route=%2Fwp%2Fv2%2Fcomments&post=284"}],"version-history":[{"count":1,"href":"http:\/\/blocquaux.fr\/index.php?rest_route=\/wp\/v2\/posts\/284\/revisions"}],"predecessor-version":[{"id":286,"href":"http:\/\/blocquaux.fr\/index.php?rest_route=\/wp\/v2\/posts\/284\/revisions\/286"}],"wp:attachment":[{"href":"http:\/\/blocquaux.fr\/index.php?rest_route=%2Fwp%2Fv2%2Fmedia&parent=284"}],"wp:term":[{"taxonomy":"category","embeddable":true,"href":"http:\/\/blocquaux.fr\/index.php?rest_route=%2Fwp%2Fv2%2Fcategories&post=284"},{"taxonomy":"post_tag","embeddable":true,"href":"http:\/\/blocquaux.fr\/index.php?rest_route=%2Fwp%2Fv2%2Ftags&post=284"}],"curies":[{"name":"wp","href":"https:\/\/api.w.org\/{rel}","templated":true}]}}