{"id":187,"date":"2014-04-07T06:58:33","date_gmt":"2014-04-07T06:58:33","guid":{"rendered":"http:\/\/blocquaux.fr\/?p=187"},"modified":"2014-04-07T06:58:33","modified_gmt":"2014-04-07T06:58:33","slug":"college-paul-gauguin-cordemais-44-seances-pedagogiques-avec-les-eleves-et-conference-parents-21-janvier-2014","status":"publish","type":"post","link":"https:\/\/blocquaux.fr\/?p=187","title":{"rendered":"Coll\u00e8ge Paul GAUGUIN &#8211; CORDEMAIS (44) S\u00e9ances p\u00e9dagogiques avec les \u00e9l\u00e8ves et conf\u00e9rence \u00ab\u00a0parents\u00a0\u00bb. 21 janvier 2014."},"content":{"rendered":"<p><strong>Accompagner nos enfants dans leurs pratiques num\u00e9riques.<\/strong><\/p>\n<p>Article r\u00e9dig\u00e9 par Janick Bouvier le 7 f\u00e9vrier 2014<\/p>\n<p>\u00ab\u00a0L\u2019accompagnement des enfants, des \u00e9l\u00e8ves, dans leurs usages du num\u00e9rique constitue pour les parents, les \u00e9ducateurs, un enjeu de plus en plus majeur, tant l\u2019utilisation des portables, la navigation sur les r\u00e9seaux sociaux, sont r\u00e9pandues.<br \/>\nC\u2019est la raison pour laquelle, le coll\u00e8ge Paul Gauguin et la section locale de la F\u00e9d\u00e9ration des parents d\u2019\u00e9l\u00e8ves (FCPE) ont souhait\u00e9 faire intervenir un conf\u00e9rencier de renom en la personne de St\u00e9phane Blocquaux, docteur en Sciences de la Communication et enseignant chercheur \u00e0 l\u2019UCO d\u2019Angers.<br \/>\nQuatre classes de cinqui\u00e8me ont ainsi pu r\u00e9fl\u00e9chir le mardi 21 janvier 2014 sur leurs pratiques, la fr\u00e9quence et la dur\u00e9e d\u2019utilisation, des outils num\u00e9riques. R\u00e9fl\u00e9chir aussi sur le caract\u00e8re tr\u00e8s peu priv\u00e9 des espaces dits \u00a0\u00bb personnels \u00a0\u00bb que les adolescents cr\u00e9ent sur les r\u00e9seaux sociaux. Que peut-on poster sur le net, qu\u2019est-ce qui rel\u00e8ve du publiable et qu\u2019est-ce qui rel\u00e8ve de l\u2019intime, &#8230;\u00a0? R\u00e9fl\u00e9chir encore sur les traces laiss\u00e9es sur le net\u00a0: que peut-on effacer vraiment\u00a0? Qu\u2019est-ce que le concept d\u2019e-r\u00e9putation et quelles sont les cons\u00e9quences pour sa vie personnelle \/ professionnelle, sur le moment et parfois des ann\u00e9es plus tard.<br \/>\nL\u2019apr\u00e8s-midi, l\u2019intervention s\u2019est faite devant des \u00e9l\u00e8ves du lyc\u00e9e Jacques Pr\u00e9vert de Savenay. Et le soir, la journ\u00e9e marathon de notre conf\u00e9rencier s\u2019est achev\u00e9e par un temps destin\u00e9 exclusivement aux parents. Trucs et astuces, d\u00e9monstrations percutantes, outils \u00e0 disposition, mise \u00e0 distance, &#8230; autant d\u2019\u00e9l\u00e9ments livr\u00e9s \u00e0 la r\u00e9flexion des parents pour promouvoir un usage raisonn\u00e9 et responsable du net pour nos enfants, sans tout autoriser ni tout interdire.<br \/>\nUn grand merci \u00e0 notre conf\u00e9rencier pour ces prestations tr\u00e8s appr\u00e9ci\u00e9es par tous les publics, aux repr\u00e9sentants des parents d\u2019\u00e9l\u00e8ves du lyc\u00e9e et du coll\u00e8ge pour leur participation et leur soutien, au lyc\u00e9e Jacques Pr\u00e9vert de Savenay pour son accueil et son appui logistique.\u00a0\u00bb<\/p>\n","protected":false},"excerpt":{"rendered":"<p>Accompagner nos enfants dans leurs pratiques num\u00e9riques. Article r\u00e9dig\u00e9 par Janick Bouvier le 7 f\u00e9vrier 2014 \u00ab\u00a0L\u2019accompagnement des enfants, des<\/p>\n","protected":false},"author":1,"featured_media":0,"comment_status":"closed","ping_status":"closed","sticky":false,"template":"","format":"standard","meta":{"jetpack_post_was_ever_published":false,"_jetpack_newsletter_access":"","jetpack_publicize_message":"","jetpack_is_tweetstorm":false,"jetpack_publicize_feature_enabled":true,"jetpack_social_post_already_shared":true,"jetpack_social_options":{"image_generator_settings":{"template":"highway","enabled":false}}},"categories":[5],"tags":[],"jetpack_publicize_connections":[],"jetpack_featured_media_url":"","jetpack_shortlink":"https:\/\/wp.me\/p2RyIO-31","jetpack_sharing_enabled":true,"_links":{"self":[{"href":"https:\/\/blocquaux.fr\/index.php?rest_route=\/wp\/v2\/posts\/187"}],"collection":[{"href":"https:\/\/blocquaux.fr\/index.php?rest_route=\/wp\/v2\/posts"}],"about":[{"href":"https:\/\/blocquaux.fr\/index.php?rest_route=\/wp\/v2\/types\/post"}],"author":[{"embeddable":true,"href":"https:\/\/blocquaux.fr\/index.php?rest_route=\/wp\/v2\/users\/1"}],"replies":[{"embeddable":true,"href":"https:\/\/blocquaux.fr\/index.php?rest_route=%2Fwp%2Fv2%2Fcomments&post=187"}],"version-history":[{"count":1,"href":"https:\/\/blocquaux.fr\/index.php?rest_route=\/wp\/v2\/posts\/187\/revisions"}],"predecessor-version":[{"id":188,"href":"https:\/\/blocquaux.fr\/index.php?rest_route=\/wp\/v2\/posts\/187\/revisions\/188"}],"wp:attachment":[{"href":"https:\/\/blocquaux.fr\/index.php?rest_route=%2Fwp%2Fv2%2Fmedia&parent=187"}],"wp:term":[{"taxonomy":"category","embeddable":true,"href":"https:\/\/blocquaux.fr\/index.php?rest_route=%2Fwp%2Fv2%2Fcategories&post=187"},{"taxonomy":"post_tag","embeddable":true,"href":"https:\/\/blocquaux.fr\/index.php?rest_route=%2Fwp%2Fv2%2Ftags&post=187"}],"curies":[{"name":"wp","href":"https:\/\/api.w.org\/{rel}","templated":true}]}}