{"id":195,"date":"2014-04-07T07:26:35","date_gmt":"2014-04-07T07:26:35","guid":{"rendered":"http:\/\/blocquaux.fr\/?p=195"},"modified":"2014-04-07T07:26:35","modified_gmt":"2014-04-07T07:26:35","slug":"colloque-grandir-vieillir-comment-repenser-les-ages-de-la-vie-colloque-international-interdisciplinaire-19-22-fevrier-2014","status":"publish","type":"post","link":"https:\/\/blocquaux.fr\/?p=195","title":{"rendered":"COLLOQUE \u00ab GRANDIR &#038; VIEILLIR. COMMENT REPENSER LES AGES DE LA VIE ? \u00bb Colloque International Interdisciplinaire 19-22 f\u00e9vrier 2014"},"content":{"rendered":"<p>COLLOQUE \u00ab\u00a0GRANDIR &amp; VIEILLIR. COMMENT REPENSER LES AGES DE LA VIE ?\u00a0\u00bb<br \/>\nColloque International Interdisciplinaire<br \/>\n19-22 f\u00e9vrier 2014<br \/>\nUCO Angers (\u00e9quipe CAFORE) \/ LPPL (EA 4638),<br \/>\nUniversit\u00e9 d&rsquo;Angers<\/p>\n<p><strong>COMMUNICATION SCIENTIFIQUE :<\/strong><\/p>\n<p><strong>\u00ab\u00a0De l&rsquo;avatar au transhumanisme num\u00e9rique : le virtuel comme espace du \u00ab bien vieillir \u00bb ?<\/strong><\/p>\n<p>Culture Num\u00e9rique et Dynamiques Identitaires &#8211; UCO &#8211; ANGERS<\/p>\n<p>SOUS LE HAUT PATRONAGE DU MINIST\u00c8RE D\u00c9L\u00c9GU\u00c9 AUX PERSONNES \u00c2G\u00c9ES ET A L&rsquo;AUTONOMIE<br \/>\nLES \u00c2GES DE LA VIE ENTRE D\u00c9R\u00c9GULATION ET RECOMPOSITION<br \/>\nA l\u2019heure o\u00f9 la m\u00e9decine r\u00e9g\u00e9n\u00e9rative promet de vivre jusqu\u2019\u00e0 130 ans en 2050, l\u2019allongement des esp\u00e9rances de vie a d\u00e9j\u00e0 profond\u00e9ment transform\u00e9 le panorama des existences. En effet, la \u00ab\u00a0police des \u00e2ges\u00a0\u00bb, qui r\u00e9gulait par l\u2019\u00e2ge d\u2019\u00c9tat-civil l\u2019acc\u00e8s \u00e0 l\u2019\u00e9cole, au vote, au mariage, au travail ou encore \u00e0 la retraite reflue sous l\u2019effet du \u00ab\u00a0brouillage des \u00e2ges\u00a0\u00bb selon lequel il semble d\u00e9sormais souhaitable de se former et se transformer \u00e0 tout \u00e2ge. L\u2019escamotage des seuils d\u2019\u00e2ge d\u2019\u00c9tat-civil ant\u00e9rieurs, qui \u00e9tablissaient qu\u2019il \u00e9tait soit trop t\u00f4t, soit trop tard pour passer d\u2019un \u00e2ge de la vie \u00e0 l\u2019autre, d\u00e9place et m\u00e9tamorphose l\u2019ensemble de ces passages. Certains sont devenus plus pr\u00e9coces, d\u2019autres plus tardifs. De nouveaux \u00e2ges de la vie apparaissent, tels l\u2019\u00a0\u00ab\u00a0adulte \u00e9mergeant\u00a0\u00bb ou les \u00ab\u00a0seniors\u00a0\u00bb. Par ailleurs, le t\u00e9lescopage de ph\u00e9nom\u00e8nes anthropologiques et d\u00e9mographiques mondiaux d\u00e9place fortement les enjeux d\u00e9mographiques et interg\u00e9n\u00e9rationnels. Ainsi en va-t-il par exemple :<br \/>\n&#8211;\u00a0\u00a0de la perspective de la \u00ab\u00a0fin de l\u2019\u00e2ge\u00a0\u00bb proph\u00e9tis\u00e9e par Aubrey de Grey [1], du fait des progr\u00e8s actuels et des exc\u00e8s possibles des biotechnologies\u00a0;<br \/>\n&#8211;\u00a0\u00a0de l\u2019importance prise par l\u2019\u00e2ge subjectif qui d\u00e9finit et oriente au moins autant les parcours de vie que l\u2019\u00e2ge chronologique, ainsi que l\u2019annonc\u00e8rent les travaux de Bernice Neugarten [2].<br \/>\n&#8211;\u00a0\u00a0du contraste entre les pyramides des \u00e2ges occidentales, devenues des ob\u00e9lisques, avec celles des pays pauvres, posant la question de la r\u00e9gulation des flux migratoires entre pays \u00e2g\u00e9s et pays en forte croissance d\u00e9mographique, au principe d\u2019\u00e9tudes interculturelles sur l\u2019avanc\u00e9e en \u00e2ge telles celle d\u2019Hassan Brohmi [3].<\/p>\n<p>Ainsi, la d\u00e9r\u00e9gulation des normes d\u2019\u00e2ge qui provoque la reformulation en cours des \u00e2ges de la vie rend obsol\u00e8te une partie de la psychologie d\u00e9veloppementale du si\u00e8cle dernier. Elle interroge alors l\u2019identit\u00e9 au fil de l\u2019\u00e2ge, mais aussi la tension entre le d\u00e9sir de grandir tout au long de sa vie et la crainte de vieillir caract\u00e9ristique des cultures contemporaines. Faisant suite \u00e0 diff\u00e9rents colloques et publications ant\u00e9rieurs [4], ce colloque international interdisciplinaire a pour vocation de r\u00e9fl\u00e9chir aux questions cruciales qui en r\u00e9sultent, afin de confronter l\u2019\u00e9tat actuel des connaissances tout en offrant aux chercheurs, aux praticiens et aux politiques concern\u00e9s l\u2019occasion de repenser les \u00e2ges de la vie au 21\u00e8me si\u00e8cle.<br \/>\n______________________________________________________________________________<br \/>\n[1] de Grey, A. (2007). Ending Aging. The Rejuvenation Breakthroughs that could Reverse Human Aging in our Lifetime. New-York\u00a0: St. Martin\u2019s Press.<br \/>\n[2] Neugarten, B. (1996). The Meanings of Age. Chicago\u00a0: University of Chicago Press.<br \/>\n[3] Brohmi, H. (2008). Pour une approche interculturelle des populations migrantes vieillissantes originaires du Maghreb. Dijon\u00a0: CASNAV.<br \/>\n[4] Colloque International \u00ab\u00a0Nouveaux processus identitaires et \u00e2ges de la vie\u00a0\u00bb (UCO Angers, 1998)\u00a0; Colloque \u00ab\u00a0Bien-\u00eatre et \u00e2ges de la vie\u00a0\u00bb (UdN, Le Croisic, 2010)\u00a0; Colloques \u00ab\u00a0Formation et vieillissement\u00a0\u00bb (UHA Mulhouse, 2011 et 2013)\u00a0; publications de l\u2019\u00e9quipe de recherche CAFORE\/D\u00e9partement SHS du P\u00f4le Recherche de l\u2019UCO)<\/p>\n<p><a href=\"http:\/\/blocquaux.fr\/wp-content\/uploads\/2014\/04\/colloque_uco_fevrier_2014.jpg\"><img decoding=\"async\" loading=\"lazy\" class=\"aligncenter size-medium wp-image-196\" alt=\"colloque_uco_fevrier_2014\" src=\"http:\/\/blocquaux.fr\/wp-content\/uploads\/2014\/04\/colloque_uco_fevrier_2014-300x213.jpg\" width=\"300\" height=\"213\" srcset=\"https:\/\/blocquaux.fr\/wp-content\/uploads\/2014\/04\/colloque_uco_fevrier_2014-300x213.jpg 300w, https:\/\/blocquaux.fr\/wp-content\/uploads\/2014\/04\/colloque_uco_fevrier_2014-1024x728.jpg 1024w, https:\/\/blocquaux.fr\/wp-content\/uploads\/2014\/04\/colloque_uco_fevrier_2014.jpg 1036w\" sizes=\"(max-width: 300px) 100vw, 300px\" \/><\/a><\/p>\n","protected":false},"excerpt":{"rendered":"<p>COLLOQUE \u00ab\u00a0GRANDIR &amp; VIEILLIR. COMMENT REPENSER LES AGES DE LA VIE ?\u00a0\u00bb Colloque International Interdisciplinaire 19-22 f\u00e9vrier 2014 UCO Angers<\/p>\n","protected":false},"author":1,"featured_media":0,"comment_status":"closed","ping_status":"closed","sticky":false,"template":"","format":"standard","meta":{"jetpack_post_was_ever_published":false,"_jetpack_newsletter_access":"","jetpack_publicize_message":"","jetpack_is_tweetstorm":false,"jetpack_publicize_feature_enabled":true,"jetpack_social_post_already_shared":true,"jetpack_social_options":{"image_generator_settings":{"template":"highway","enabled":false}}},"categories":[5],"tags":[],"jetpack_publicize_connections":[],"jetpack_featured_media_url":"","jetpack_shortlink":"https:\/\/wp.me\/p2RyIO-39","jetpack_sharing_enabled":true,"_links":{"self":[{"href":"https:\/\/blocquaux.fr\/index.php?rest_route=\/wp\/v2\/posts\/195"}],"collection":[{"href":"https:\/\/blocquaux.fr\/index.php?rest_route=\/wp\/v2\/posts"}],"about":[{"href":"https:\/\/blocquaux.fr\/index.php?rest_route=\/wp\/v2\/types\/post"}],"author":[{"embeddable":true,"href":"https:\/\/blocquaux.fr\/index.php?rest_route=\/wp\/v2\/users\/1"}],"replies":[{"embeddable":true,"href":"https:\/\/blocquaux.fr\/index.php?rest_route=%2Fwp%2Fv2%2Fcomments&post=195"}],"version-history":[{"count":1,"href":"https:\/\/blocquaux.fr\/index.php?rest_route=\/wp\/v2\/posts\/195\/revisions"}],"predecessor-version":[{"id":197,"href":"https:\/\/blocquaux.fr\/index.php?rest_route=\/wp\/v2\/posts\/195\/revisions\/197"}],"wp:attachment":[{"href":"https:\/\/blocquaux.fr\/index.php?rest_route=%2Fwp%2Fv2%2Fmedia&parent=195"}],"wp:term":[{"taxonomy":"category","embeddable":true,"href":"https:\/\/blocquaux.fr\/index.php?rest_route=%2Fwp%2Fv2%2Fcategories&post=195"},{"taxonomy":"post_tag","embeddable":true,"href":"https:\/\/blocquaux.fr\/index.php?rest_route=%2Fwp%2Fv2%2Ftags&post=195"}],"curies":[{"name":"wp","href":"https:\/\/api.w.org\/{rel}","templated":true}]}}