{"id":254,"date":"2015-01-07T10:05:50","date_gmt":"2015-01-07T10:05:50","guid":{"rendered":"http:\/\/blocquaux.fr\/?p=254"},"modified":"2015-01-07T10:10:09","modified_gmt":"2015-01-07T10:10:09","slug":"violences-entre-mineurs-laborder-pour-la-border-5-eme-journee-regionale-du-groupe-detude-sur-lenfance-maltraitee-vendredi-12-decembre-2014-universite-rennes-1-rennes","status":"publish","type":"post","link":"https:\/\/blocquaux.fr\/?p=254","title":{"rendered":"Violences entre mineurs : l&rsquo;aborder pour la border ?  &#8211; 5 \u00e8me Journ\u00e9e r\u00e9gionale du Groupe d&rsquo;Etude sur l&rsquo;Enfance Maltrait\u00e9e. &#8211; Vendredi 12 d\u00e9cembre 2014 &#8211; Universit\u00e9 Rennes 1 &#8211; RENNES"},"content":{"rendered":"<p>Le groupe du GEEM propose lors de cette 5\u00e8me journ\u00e9e r\u00e9gionale d&rsquo;aborder le th\u00e8me de la violence entre mineurs : harc\u00e8lement moral ou physique, humiliation, maltraitances&#8230;. Quelle pr\u00e9vention peut-on mettre en oeuvre, notamment dans les \u00e9coles, pour limiter ces ph\u00e9nom\u00e8nes d e violence ?<\/p>\n<p><em>Intervention en bin\u00f4me avec Renaud H\u00e9tier :<\/em> \u00ab\u00a0Harc\u00e8lement et violence via les nouvelles technologies\u00a0\u00bb<\/p>\n<p><a href=\"http:\/\/blocquaux.fr\/wp-content\/uploads\/2015\/01\/GEEM1.png\"><img decoding=\"async\" loading=\"lazy\" class=\"aligncenter size-medium wp-image-257\" src=\"http:\/\/blocquaux.fr\/wp-content\/uploads\/2015\/01\/GEEM1-300x207.png\" alt=\"GEEM1\" width=\"300\" height=\"207\" srcset=\"https:\/\/blocquaux.fr\/wp-content\/uploads\/2015\/01\/GEEM1-300x207.png 300w, https:\/\/blocquaux.fr\/wp-content\/uploads\/2015\/01\/GEEM1-1024x705.png 1024w, https:\/\/blocquaux.fr\/wp-content\/uploads\/2015\/01\/GEEM1.png 1902w\" sizes=\"(max-width: 300px) 100vw, 300px\" \/><\/a><a href=\"http:\/\/blocquaux.fr\/wp-content\/uploads\/2015\/01\/GEEM2.png\"><img decoding=\"async\" loading=\"lazy\" class=\"aligncenter size-medium wp-image-258\" src=\"http:\/\/blocquaux.fr\/wp-content\/uploads\/2015\/01\/GEEM2-300x216.png\" alt=\"GEEM2\" width=\"300\" height=\"216\" srcset=\"https:\/\/blocquaux.fr\/wp-content\/uploads\/2015\/01\/GEEM2-300x216.png 300w, https:\/\/blocquaux.fr\/wp-content\/uploads\/2015\/01\/GEEM2-1024x738.png 1024w, https:\/\/blocquaux.fr\/wp-content\/uploads\/2015\/01\/GEEM2.png 1886w\" sizes=\"(max-width: 300px) 100vw, 300px\" \/><\/a><\/p>\n","protected":false},"excerpt":{"rendered":"<p>Le groupe du GEEM propose lors de cette 5\u00e8me journ\u00e9e r\u00e9gionale d&rsquo;aborder le th\u00e8me de la violence entre mineurs :<\/p>\n","protected":false},"author":1,"featured_media":0,"comment_status":"closed","ping_status":"closed","sticky":false,"template":"","format":"standard","meta":{"jetpack_post_was_ever_published":false,"_jetpack_newsletter_access":"","jetpack_publicize_message":"","jetpack_is_tweetstorm":false,"jetpack_publicize_feature_enabled":true,"jetpack_social_post_already_shared":true,"jetpack_social_options":{"image_generator_settings":{"template":"highway","enabled":false}}},"categories":[5],"tags":[],"jetpack_publicize_connections":[],"jetpack_featured_media_url":"","jetpack_shortlink":"https:\/\/wp.me\/p2RyIO-46","jetpack_sharing_enabled":true,"_links":{"self":[{"href":"https:\/\/blocquaux.fr\/index.php?rest_route=\/wp\/v2\/posts\/254"}],"collection":[{"href":"https:\/\/blocquaux.fr\/index.php?rest_route=\/wp\/v2\/posts"}],"about":[{"href":"https:\/\/blocquaux.fr\/index.php?rest_route=\/wp\/v2\/types\/post"}],"author":[{"embeddable":true,"href":"https:\/\/blocquaux.fr\/index.php?rest_route=\/wp\/v2\/users\/1"}],"replies":[{"embeddable":true,"href":"https:\/\/blocquaux.fr\/index.php?rest_route=%2Fwp%2Fv2%2Fcomments&post=254"}],"version-history":[{"count":5,"href":"https:\/\/blocquaux.fr\/index.php?rest_route=\/wp\/v2\/posts\/254\/revisions"}],"predecessor-version":[{"id":261,"href":"https:\/\/blocquaux.fr\/index.php?rest_route=\/wp\/v2\/posts\/254\/revisions\/261"}],"wp:attachment":[{"href":"https:\/\/blocquaux.fr\/index.php?rest_route=%2Fwp%2Fv2%2Fmedia&parent=254"}],"wp:term":[{"taxonomy":"category","embeddable":true,"href":"https:\/\/blocquaux.fr\/index.php?rest_route=%2Fwp%2Fv2%2Fcategories&post=254"},{"taxonomy":"post_tag","embeddable":true,"href":"https:\/\/blocquaux.fr\/index.php?rest_route=%2Fwp%2Fv2%2Ftags&post=254"}],"curies":[{"name":"wp","href":"https:\/\/api.w.org\/{rel}","templated":true}]}}